{"id":466,"date":"2025-02-12T13:44:22","date_gmt":"2025-02-12T13:44:22","guid":{"rendered":"https:\/\/annajansdotter.com\/?p=466"},"modified":"2025-02-12T13:44:22","modified_gmt":"2025-02-12T13:44:22","slug":"stjarnmarkt-ska-bli-bok","status":"publish","type":"post","link":"https:\/\/annajansdotter.com\/index.php\/2025\/02\/12\/stjarnmarkt-ska-bli-bok\/","title":{"rendered":"Stj\u00e4rnm\u00e4rkt ska bli bok!"},"content":{"rendered":"\n<p>Det r\u00e5kar tydligen vara s\u00e5 att jag har skrivit kontrakt med Auriga f\u00f6rlag och att boken har nylansering v\u00e5ren 2026! S\u00e5 otroligt peppad! Har redan f\u00e5tt en liten sneak peek p\u00e5 det nya omslaget, magiskt. Ni som f\u00f6ljer mig p\u00e5 Instagram vet hur l\u00e5ng och sn\u00e5rig min resa har varit med prinsarna, och nu f\u00e5r de \u00e4ntligen m\u00f6ta er l\u00e4sare p\u00e5 nytt. Lite mognare, och kanske lite sexigare \ud83d\ude09 <\/p>\n\n\n\n<p>En kort sammanfattning av intervjun som jag gjorde hos P4 Kristianstad ligger ocks\u00e5 ute. Jag var som sagt rej\u00e4lt nerv\u00f6s, men det gick \u00f6ver f\u00f6rv\u00e4ntan bra.<\/p>\n\n\n\n<p><a href=\"https:\/\/www.sverigesradio.se\/embed\/publication\/8874266\">https:\/\/www.sverigesradio.se\/embed\/publication\/8874266<\/a><\/p>\n","protected":false},"excerpt":{"rendered":"<p>Det r\u00e5kar tydligen vara s\u00e5 att jag har skrivit kontrakt med Auriga f\u00f6rlag och att boken har nylansering v\u00e5ren 2026!<\/p>\n<p><a href=\"https:\/\/annajansdotter.com\/index.php\/2025\/02\/12\/stjarnmarkt-ska-bli-bok\/\" class=\"more-link\">Forts\u00e4tt l\u00e4sa<span class=\"screen-reader-text\">Stj\u00e4rnm\u00e4rkt ska bli bok!<\/span><\/a><\/p>\n","protected":false},"author":2,"featured_media":0,"comment_status":"open","ping_status":"open","sticky":false,"template":"","format":"standard","meta":{"footnotes":""},"categories":[5,4],"tags":[15,23,24],"class_list":["post-466","post","type-post","status-publish","format-standard","hentry","category-forfattarskapet","category-nyheter","tag-forlag","tag-romantasy","tag-stjarnmarkt"],"_links":{"self":[{"href":"https:\/\/annajansdotter.com\/index.php\/wp-json\/wp\/v2\/posts\/466","targetHints":{"allow":["GET"]}}],"collection":[{"href":"https:\/\/annajansdotter.com\/index.php\/wp-json\/wp\/v2\/posts"}],"about":[{"href":"https:\/\/annajansdotter.com\/index.php\/wp-json\/wp\/v2\/types\/post"}],"author":[{"embeddable":true,"href":"https:\/\/annajansdotter.com\/index.php\/wp-json\/wp\/v2\/users\/2"}],"replies":[{"embeddable":true,"href":"https:\/\/annajansdotter.com\/index.php\/wp-json\/wp\/v2\/comments?post=466"}],"version-history":[{"count":3,"href":"https:\/\/annajansdotter.com\/index.php\/wp-json\/wp\/v2\/posts\/466\/revisions"}],"predecessor-version":[{"id":469,"href":"https:\/\/annajansdotter.com\/index.php\/wp-json\/wp\/v2\/posts\/466\/revisions\/469"}],"wp:attachment":[{"href":"https:\/\/annajansdotter.com\/index.php\/wp-json\/wp\/v2\/media?parent=466"}],"wp:term":[{"taxonomy":"category","embeddable":true,"href":"https:\/\/annajansdotter.com\/index.php\/wp-json\/wp\/v2\/categories?post=466"},{"taxonomy":"post_tag","embeddable":true,"href":"https:\/\/annajansdotter.com\/index.php\/wp-json\/wp\/v2\/tags?post=466"}],"curies":[{"name":"wp","href":"https:\/\/api.w.org\/{rel}","templated":true}]}}