{"id":460,"date":"2025-01-15T15:24:48","date_gmt":"2025-01-15T15:24:48","guid":{"rendered":"https:\/\/annajansdotter.com\/?p=460"},"modified":"2025-01-15T15:24:48","modified_gmt":"2025-01-15T15:24:48","slug":"intervju-i-p4-kristianstad","status":"publish","type":"post","link":"https:\/\/annajansdotter.com\/index.php\/2025\/01\/15\/intervju-i-p4-kristianstad\/","title":{"rendered":"Intervju i P4 Kristianstad"},"content":{"rendered":"\n<p>I fredags kom det ett mail.<\/p>\n\n\n\n<p>Ett mail med en f\u00f6rfr\u00e5gan om jag ville g\u00e4sta F\u00f6rmiddag i P4 Kristianstad (idag) f\u00f6r att prata romantasy. Och det ville jag. Vilken dr\u00f6m att f\u00e5 diskutera n\u00e5got som man brinner f\u00f6r i radio, en chans jag kanske aldrig skulle f\u00e5 igen. Men det var inte utan \u00e5ngest och senare panik &#8212; som ett r\u00e5djur i str\u00e5lkastarljus. N\u00e4r det blir precis blankt och man \u00f6verv\u00e4ger att l\u00e4mna studion. Anteckningarna, varf\u00f6r tog jag inte fram dem? Sjunka genom jorden, ta till retr\u00e4tt. Alla glor (nej, ingen glodde), men jag blev kvar, och kom igen i andra halvlek.<\/p>\n\n\n\n<p>Det beh\u00f6ver inte bli perfekt. Jag har levt med min \u00e5ngestproblematik l\u00e4nge och att prata med och inf\u00f6r folk, och s\u00e4kert tusentals lyssnare, som man inte k\u00e4nner \u00e4r det jobbigaste jag vet. F\u00f6r jag har aldrig tyckt om min egen r\u00f6st. Alltid haft v\u00e4ldigt l\u00e5g sj\u00e4lvk\u00e4nsla. Stundtals k\u00e4nt mig som en idiot som inget kan. Men jag l\u00e4t det inte p\u00e5verka mig. Inte den h\u00e4r g\u00e5ngen. Jag tog mig till Kristianstad f\u00f6r att prata i radio, live, och jag gick d\u00e4rifr\u00e5n b\u00e5de st\u00e4rkt och glad. Jag gjorde det!<\/p>\n\n\n\n<p>Kommer att l\u00e4nka till klippet senare. Och kanske n\u00e4mns ett och annat om min romantasy &#8221;Stj\u00e4rnm\u00e4rkt&#8221; \ud83d\ude09<\/p>\n","protected":false},"excerpt":{"rendered":"<p>I fredags kom det ett mail. Ett mail med en f\u00f6rfr\u00e5gan om jag ville g\u00e4sta F\u00f6rmiddag i P4 Kristianstad (idag)<\/p>\n<p><a href=\"https:\/\/annajansdotter.com\/index.php\/2025\/01\/15\/intervju-i-p4-kristianstad\/\" class=\"more-link\">Forts\u00e4tt l\u00e4sa<span class=\"screen-reader-text\">Intervju i P4 Kristianstad<\/span><\/a><\/p>\n","protected":false},"author":2,"featured_media":0,"comment_status":"open","ping_status":"open","sticky":false,"template":"","format":"standard","meta":{"footnotes":""},"categories":[5,4],"tags":[23,24],"class_list":["post-460","post","type-post","status-publish","format-standard","hentry","category-forfattarskapet","category-nyheter","tag-romantasy","tag-stjarnmarkt"],"_links":{"self":[{"href":"https:\/\/annajansdotter.com\/index.php\/wp-json\/wp\/v2\/posts\/460","targetHints":{"allow":["GET"]}}],"collection":[{"href":"https:\/\/annajansdotter.com\/index.php\/wp-json\/wp\/v2\/posts"}],"about":[{"href":"https:\/\/annajansdotter.com\/index.php\/wp-json\/wp\/v2\/types\/post"}],"author":[{"embeddable":true,"href":"https:\/\/annajansdotter.com\/index.php\/wp-json\/wp\/v2\/users\/2"}],"replies":[{"embeddable":true,"href":"https:\/\/annajansdotter.com\/index.php\/wp-json\/wp\/v2\/comments?post=460"}],"version-history":[{"count":1,"href":"https:\/\/annajansdotter.com\/index.php\/wp-json\/wp\/v2\/posts\/460\/revisions"}],"predecessor-version":[{"id":461,"href":"https:\/\/annajansdotter.com\/index.php\/wp-json\/wp\/v2\/posts\/460\/revisions\/461"}],"wp:attachment":[{"href":"https:\/\/annajansdotter.com\/index.php\/wp-json\/wp\/v2\/media?parent=460"}],"wp:term":[{"taxonomy":"category","embeddable":true,"href":"https:\/\/annajansdotter.com\/index.php\/wp-json\/wp\/v2\/categories?post=460"},{"taxonomy":"post_tag","embeddable":true,"href":"https:\/\/annajansdotter.com\/index.php\/wp-json\/wp\/v2\/tags?post=460"}],"curies":[{"name":"wp","href":"https:\/\/api.w.org\/{rel}","templated":true}]}}