{"id":457,"date":"2024-12-17T15:07:39","date_gmt":"2024-12-17T15:07:39","guid":{"rendered":"https:\/\/annajansdotter.com\/?p=457"},"modified":"2024-12-17T15:07:56","modified_gmt":"2024-12-17T15:07:56","slug":"att-snubbla-pa-mallinjen-och-komma-igen","status":"publish","type":"post","link":"https:\/\/annajansdotter.com\/index.php\/2024\/12\/17\/att-snubbla-pa-mallinjen-och-komma-igen\/","title":{"rendered":"Att snubbla p\u00e5 m\u00e5llinjen och komma igen"},"content":{"rendered":"\n<p>Det blev inget med dr\u00f6mf\u00f6rlaget. \u00c5tminstone inte nu. Och s\u00e5klart f\u00f6rst\u00e5r jag att de vill satsa p\u00e5 s\u00e4kra kort f\u00f6rst, men \u00e4nd\u00e5. Hade jag bara varit en etablerad f\u00f6rfattare. D\u00e5 &#8230; men det \u00e4r bara att bryta ihop och komma igen, med ett \u00e4nnu b\u00e4ttre manus. Jag skyndar l\u00e5ngsamt fr\u00e5n och med nu. B\u00e5de &#8221;Sevan&#8221; och &#8221;S\u00e4g en f\u00e4rg&#8221; f\u00f6rtj\u00e4nar att arbetas igenom ordentligt. Sedan har det b\u00f6rjat h\u00e4nda sp\u00e4nnande saker g\u00e4llande &#8221;Stj\u00e4rnm\u00e4rkt&#8221;. Hoppas, hoppas, hoppas och s\u00e5 vidare.<\/p>\n\n\n\n<p>En kort uppdatering.<\/p>\n\n\n\n<p>M\u00e5 2025 bli \u00e5ret d\u00e5 f\u00f6rlagen v\u00e5gar satsa p\u00e5 svenskskriven romantasy &lt;3<\/p>\n","protected":false},"excerpt":{"rendered":"<p>Det blev inget med dr\u00f6mf\u00f6rlaget. \u00c5tminstone inte nu. Och s\u00e5klart f\u00f6rst\u00e5r jag att de vill satsa p\u00e5 s\u00e4kra kort f\u00f6rst,<\/p>\n<p><a href=\"https:\/\/annajansdotter.com\/index.php\/2024\/12\/17\/att-snubbla-pa-mallinjen-och-komma-igen\/\" class=\"more-link\">Forts\u00e4tt l\u00e4sa<span class=\"screen-reader-text\">Att snubbla p\u00e5 m\u00e5llinjen och komma igen<\/span><\/a><\/p>\n","protected":false},"author":2,"featured_media":0,"comment_status":"open","ping_status":"open","sticky":false,"template":"","format":"standard","meta":{"footnotes":""},"categories":[5],"tags":[15,16,23,26,24],"class_list":["post-457","post","type-post","status-publish","format-standard","hentry","category-forfattarskapet","tag-forlag","tag-manus","tag-romantasy","tag-sevan","tag-stjarnmarkt"],"_links":{"self":[{"href":"https:\/\/annajansdotter.com\/index.php\/wp-json\/wp\/v2\/posts\/457","targetHints":{"allow":["GET"]}}],"collection":[{"href":"https:\/\/annajansdotter.com\/index.php\/wp-json\/wp\/v2\/posts"}],"about":[{"href":"https:\/\/annajansdotter.com\/index.php\/wp-json\/wp\/v2\/types\/post"}],"author":[{"embeddable":true,"href":"https:\/\/annajansdotter.com\/index.php\/wp-json\/wp\/v2\/users\/2"}],"replies":[{"embeddable":true,"href":"https:\/\/annajansdotter.com\/index.php\/wp-json\/wp\/v2\/comments?post=457"}],"version-history":[{"count":1,"href":"https:\/\/annajansdotter.com\/index.php\/wp-json\/wp\/v2\/posts\/457\/revisions"}],"predecessor-version":[{"id":458,"href":"https:\/\/annajansdotter.com\/index.php\/wp-json\/wp\/v2\/posts\/457\/revisions\/458"}],"wp:attachment":[{"href":"https:\/\/annajansdotter.com\/index.php\/wp-json\/wp\/v2\/media?parent=457"}],"wp:term":[{"taxonomy":"category","embeddable":true,"href":"https:\/\/annajansdotter.com\/index.php\/wp-json\/wp\/v2\/categories?post=457"},{"taxonomy":"post_tag","embeddable":true,"href":"https:\/\/annajansdotter.com\/index.php\/wp-json\/wp\/v2\/tags?post=457"}],"curies":[{"name":"wp","href":"https:\/\/api.w.org\/{rel}","templated":true}]}}