{"id":442,"date":"2024-09-27T14:00:52","date_gmt":"2024-09-27T14:00:52","guid":{"rendered":"https:\/\/annajansdotter.com\/?p=442"},"modified":"2024-09-27T14:00:52","modified_gmt":"2024-09-27T14:00:52","slug":"vi-tar-det-fran-borjan","status":"publish","type":"post","link":"https:\/\/annajansdotter.com\/index.php\/2024\/09\/27\/vi-tar-det-fran-borjan\/","title":{"rendered":"Vi tar det fr\u00e5n b\u00f6rjan"},"content":{"rendered":"\n<p>Den 15 januari i \u00e5r skickade jag in mitt romancemanus &#8221;S\u00e4g en f\u00e4rg&#8221; till n\u00e5gra v\u00e4l utvalda f\u00f6rlag &#8212; dr\u00f6mf\u00f6rlagen. Tre m\u00e5nader senare, en solig dag i april, f\u00e5r jag ett mail fr\u00e5n ett av dem. En positiv refusering, med twist: <em>Vi \u00e4r nyfikna p\u00e5 dig som f\u00f6rfattare. Har du funderat p\u00e5 att skriva en romantasy-roman?<\/em><\/p>\n\n\n\n<p>Och givetvis hade jag redan tv\u00e5 romantasymanus som jag pitchade direkt, &#8221;Stj\u00e4rnm\u00e4rkt&#8221; (tidigare &#8221;Stj\u00e4rnb\u00e4rarens \u00f6nskan&#8221;) och &#8221;Sevan&#8221;, min mermen romantasy. En vecka senare f\u00e5r jag svar fr\u00e5n f\u00f6rl\u00e4ggaren p\u00e5 f\u00f6rlaget att jag g\u00e4rna fick skicka in b\u00e5da manusen till henne. Om jag satt i soffan och studsade p\u00e5 st\u00e4llet? Ja. Jag hade redan f\u00f6rs\u00f6kt sm\u00e4lta att de ville l\u00e4sa mer av mig och nu hade jag m\u00f6jligheten att skicka in TV\u00c5 manus om jag ville.<\/p>\n\n\n\n<p>Challenge accepted.<\/p>\n\n\n\n<p>Sedan kom livet emellan och redigeringen\/revideringen drog ut p\u00e5 tiden, men den 17 september landade mina alvprinsar och mermen i f\u00f6rl\u00e4ggarens inkorg. S\u00e5 nu \u00e4r det bara att v\u00e4nta igen, men den som v\u00e4ntar p\u00e5 n\u00e5got gott och s\u00e5 vidare. &#8221;S\u00e4g en f\u00e4rg&#8221; har hittills blivit refuserad, b\u00e5de standardsvar och n\u00e5gra positiva. Ett annat f\u00f6rlag ville g\u00e4rna l\u00e4sa mer av mig med, s\u00e5 vi f\u00e5r se om jag \u00e4ven ger feelgoodgenren en chans \ud83d\ude00<\/p>\n","protected":false},"excerpt":{"rendered":"<p>Den 15 januari i \u00e5r skickade jag in mitt romancemanus &#8221;S\u00e4g en f\u00e4rg&#8221; till n\u00e5gra v\u00e4l utvalda f\u00f6rlag &#8212; dr\u00f6mf\u00f6rlagen.<\/p>\n<p><a href=\"https:\/\/annajansdotter.com\/index.php\/2024\/09\/27\/vi-tar-det-fran-borjan\/\" class=\"more-link\">Forts\u00e4tt l\u00e4sa<span class=\"screen-reader-text\">Vi tar det fr\u00e5n b\u00f6rjan<\/span><\/a><\/p>\n","protected":false},"author":2,"featured_media":0,"comment_status":"open","ping_status":"open","sticky":false,"template":"","format":"standard","meta":{"footnotes":""},"categories":[5,7],"tags":[15,16,23,22,26,8,24],"class_list":["post-442","post","type-post","status-publish","format-standard","hentry","category-forfattarskapet","category-skrivandet","tag-forlag","tag-manus","tag-romantasy","tag-sag-en-farg","tag-sevan","tag-stjarnbararens-onskan","tag-stjarnmarkt"],"_links":{"self":[{"href":"https:\/\/annajansdotter.com\/index.php\/wp-json\/wp\/v2\/posts\/442","targetHints":{"allow":["GET"]}}],"collection":[{"href":"https:\/\/annajansdotter.com\/index.php\/wp-json\/wp\/v2\/posts"}],"about":[{"href":"https:\/\/annajansdotter.com\/index.php\/wp-json\/wp\/v2\/types\/post"}],"author":[{"embeddable":true,"href":"https:\/\/annajansdotter.com\/index.php\/wp-json\/wp\/v2\/users\/2"}],"replies":[{"embeddable":true,"href":"https:\/\/annajansdotter.com\/index.php\/wp-json\/wp\/v2\/comments?post=442"}],"version-history":[{"count":6,"href":"https:\/\/annajansdotter.com\/index.php\/wp-json\/wp\/v2\/posts\/442\/revisions"}],"predecessor-version":[{"id":449,"href":"https:\/\/annajansdotter.com\/index.php\/wp-json\/wp\/v2\/posts\/442\/revisions\/449"}],"wp:attachment":[{"href":"https:\/\/annajansdotter.com\/index.php\/wp-json\/wp\/v2\/media?parent=442"}],"wp:term":[{"taxonomy":"category","embeddable":true,"href":"https:\/\/annajansdotter.com\/index.php\/wp-json\/wp\/v2\/categories?post=442"},{"taxonomy":"post_tag","embeddable":true,"href":"https:\/\/annajansdotter.com\/index.php\/wp-json\/wp\/v2\/tags?post=442"}],"curies":[{"name":"wp","href":"https:\/\/api.w.org\/{rel}","templated":true}]}}