{"id":393,"date":"2023-10-22T11:18:41","date_gmt":"2023-10-22T11:18:41","guid":{"rendered":"https:\/\/annajansdotter.com\/?p=393"},"modified":"2023-10-22T11:18:41","modified_gmt":"2023-10-22T11:18:41","slug":"det-blir-inga-fler-e-bocker","status":"publish","type":"post","link":"https:\/\/annajansdotter.com\/index.php\/2023\/10\/22\/det-blir-inga-fler-e-bocker\/","title":{"rendered":"Det blir inga fler e-b\u00f6cker"},"content":{"rendered":"\n<p>F\u00f6rlaget har valt att inte l\u00e4ngre satsa p\u00e5 nyskriven fantasy. D\u00e4rf\u00f6r kommer de resterande delarna av Stj\u00e4rnsk\u00e5dartrilogin inte att ges ut av SAGA Egmont. Nu hade jag inget kontrakt p\u00e5 uppf\u00f6ljaren, d\u00e4remot hade f\u00f6rlaget option p\u00e5 den (f\u00f6rsta tjing, typ). Jag blev b\u00e5de l\u00e4ttad och ledsen av beskedet. L\u00e4ttad \u00f6ver att jag kan ge ut n\u00e4sta bok utan att f\u00f6rst skicka manuset till f\u00f6rlaget och ledsen \u00f6ver att det kan ta tid som min ekonomi ser ut nu. Men det f\u00e5r vara s\u00e5. Nu vill jag fokusera p\u00e5 contemporary romance ett tag och se om jag kan f\u00e5 n\u00e5got napp d\u00e4r. Har ju b\u00e5de en duologi och en frist\u00e5ende p\u00e5 g\u00e5ng \ud83d\ude42<\/p>\n","protected":false},"excerpt":{"rendered":"<p>F\u00f6rlaget har valt att inte l\u00e4ngre satsa p\u00e5 nyskriven fantasy. D\u00e4rf\u00f6r kommer de resterande delarna av Stj\u00e4rnsk\u00e5dartrilogin inte att ges<\/p>\n<p><a href=\"https:\/\/annajansdotter.com\/index.php\/2023\/10\/22\/det-blir-inga-fler-e-bocker\/\" class=\"more-link\">Forts\u00e4tt l\u00e4sa<span class=\"screen-reader-text\">Det blir inga fler e-b\u00f6cker<\/span><\/a><\/p>\n","protected":false},"author":2,"featured_media":0,"comment_status":"open","ping_status":"open","sticky":false,"template":"","format":"standard","meta":{"footnotes":""},"categories":[5,6],"tags":[15,10,8],"class_list":["post-393","post","type-post","status-publish","format-standard","hentry","category-forfattarskapet","category-stjarnskadartrilogin","tag-forlag","tag-saga-egmont","tag-stjarnbararens-onskan"],"_links":{"self":[{"href":"https:\/\/annajansdotter.com\/index.php\/wp-json\/wp\/v2\/posts\/393","targetHints":{"allow":["GET"]}}],"collection":[{"href":"https:\/\/annajansdotter.com\/index.php\/wp-json\/wp\/v2\/posts"}],"about":[{"href":"https:\/\/annajansdotter.com\/index.php\/wp-json\/wp\/v2\/types\/post"}],"author":[{"embeddable":true,"href":"https:\/\/annajansdotter.com\/index.php\/wp-json\/wp\/v2\/users\/2"}],"replies":[{"embeddable":true,"href":"https:\/\/annajansdotter.com\/index.php\/wp-json\/wp\/v2\/comments?post=393"}],"version-history":[{"count":1,"href":"https:\/\/annajansdotter.com\/index.php\/wp-json\/wp\/v2\/posts\/393\/revisions"}],"predecessor-version":[{"id":394,"href":"https:\/\/annajansdotter.com\/index.php\/wp-json\/wp\/v2\/posts\/393\/revisions\/394"}],"wp:attachment":[{"href":"https:\/\/annajansdotter.com\/index.php\/wp-json\/wp\/v2\/media?parent=393"}],"wp:term":[{"taxonomy":"category","embeddable":true,"href":"https:\/\/annajansdotter.com\/index.php\/wp-json\/wp\/v2\/categories?post=393"},{"taxonomy":"post_tag","embeddable":true,"href":"https:\/\/annajansdotter.com\/index.php\/wp-json\/wp\/v2\/tags?post=393"}],"curies":[{"name":"wp","href":"https:\/\/api.w.org\/{rel}","templated":true}]}}