{"id":376,"date":"2023-08-30T09:08:59","date_gmt":"2023-08-30T09:08:59","guid":{"rendered":"https:\/\/annajansdotter.com\/?p=376"},"modified":"2023-08-30T09:08:59","modified_gmt":"2023-08-30T09:08:59","slug":"en-trilogi-pa-paus-och-tva-duologier","status":"publish","type":"post","link":"https:\/\/annajansdotter.com\/index.php\/2023\/08\/30\/en-trilogi-pa-paus-och-tva-duologier\/","title":{"rendered":"En trilogi p\u00e5 paus och tv\u00e5 duologier"},"content":{"rendered":"\n<p>Det var ett tag sedan jag skrev n\u00e5got.<\/p>\n\n\n\n<p>Efter signeringen var det som att luften gick ur mig. Och kanske var jag lite besviken d\u00e5 kundgenomstr\u00f6mningen var v\u00e4ldigt l\u00e5gt den dagen och de som jag hade bjudit in inte hade m\u00f6jlighet att komma. Signerade dock tv\u00e5 b\u00f6cker inom loppet av tio minuter. En liten seger. Men det var ocks\u00e5 efter signeringen som jag beslutade mig f\u00f6r att s\u00e4tta Stj\u00e4rnsk\u00e5dartrilogin p\u00e5 paus. <\/p>\n\n\n\n<p>Svensk fantasy \u00e4r sv\u00e5rs\u00e5lt. De b\u00f6cker som jag l\u00e4mnade kvar har mer eller mindre st\u00e5tt or\u00f6rda i fantasyhyllan. Kanske har n\u00e5got mer exemplar blivit s\u00e5lt n\u00e4r jag skriver detta, men n\u00e4r jag gick d\u00e4rifr\u00e5n senaste g\u00e5ngen var det med en klump i magen och t\u00e5rar i \u00f6gonen. S\u00e5 m\u00e5nga \u00e5rs slit. Tusentals kronor lagda p\u00e5 illustrationer och reklam f\u00f6r Stj\u00e4rnb\u00e4rarens \u00f6nskan. S\u00e5 himla n\u00e4ra ett<em> Ja<\/em> fr\u00e5n ett av de st\u00f6rsta barn- och ungdomsboksf\u00f6rlagen. L\u00e4rdomar. Och som ekonomin ser ut nu kommer jag inte att ha m\u00f6jlighet att ge ut uppf\u00f6ljaren under 2024 som det var t\u00e4nkt. Inte om jag s\u00e4tter upp en Kickstarterkampanj p\u00e5 cirka 60 000 kronor med allt inr\u00e4knat. Men jag tror tyv\u00e4rr att det skulle avskr\u00e4cka d\u00e5 jag endast beh\u00f6vde f\u00e5 in 14 000 kronor f\u00f6r att kunna ge ut Stj\u00e4rnb\u00e4rarens \u00f6nskan. Men d\u00e5 fanns ocks\u00e5 ett helt annat intresse. Och en bok som var mer eller mindre redo f\u00f6r tryck.<\/p>\n\n\n\n<p>Det g\u00f6r ont. Det stressar mig. Jag k\u00e4nner mig som en sk\u00e4mt samtidigt som jag \u00e4r stolt \u00f6ver mig sj\u00e4lv som v\u00e5gade ge ut boken p\u00e5 egen hand. Jag \u00e4lskar den h\u00e4r ber\u00e4ttelsen och kanske \u00f6ppnar sig m\u00f6jligheten p\u00e5 nytt om jag ger ut andra b\u00f6cker emellan? F\u00f6r d\u00e4r \u00e4r jag nu. Tv\u00e5 duologier. En contemporary romance och en mermen fantasy romance. Jag v\u00e4xlar mellan dem, F\u00e4rgserien och S\u00e5nger fr\u00e5n Neptunia. F\u00f6r det \u00e4r vad mitt hj\u00e4rta brinner f\u00f6r just nu. Och f\u00f6rsta delen i F\u00e4rgserien har faktiskt \u00e5kt iv\u00e4g till HarperLoves manust\u00e4vling.<\/p>\n","protected":false},"excerpt":{"rendered":"<p>Det var ett tag sedan jag skrev n\u00e5got. Efter signeringen var det som att luften gick ur mig. Och kanske<\/p>\n<p><a href=\"https:\/\/annajansdotter.com\/index.php\/2023\/08\/30\/en-trilogi-pa-paus-och-tva-duologier\/\" class=\"more-link\">Forts\u00e4tt l\u00e4sa<span class=\"screen-reader-text\">En trilogi p\u00e5 paus och tv\u00e5 duologier<\/span><\/a><\/p>\n","protected":false},"author":2,"featured_media":0,"comment_status":"open","ping_status":"open","sticky":false,"template":"","format":"standard","meta":{"footnotes":""},"categories":[5,4,7],"tags":[13,15,16,8,11],"class_list":["post-376","post","type-post","status-publish","format-standard","hentry","category-forfattarskapet","category-nyheter","category-skrivandet","tag-fantasy-romance","tag-forlag","tag-manus","tag-stjarnbararens-onskan","tag-svensk-fantasy"],"_links":{"self":[{"href":"https:\/\/annajansdotter.com\/index.php\/wp-json\/wp\/v2\/posts\/376","targetHints":{"allow":["GET"]}}],"collection":[{"href":"https:\/\/annajansdotter.com\/index.php\/wp-json\/wp\/v2\/posts"}],"about":[{"href":"https:\/\/annajansdotter.com\/index.php\/wp-json\/wp\/v2\/types\/post"}],"author":[{"embeddable":true,"href":"https:\/\/annajansdotter.com\/index.php\/wp-json\/wp\/v2\/users\/2"}],"replies":[{"embeddable":true,"href":"https:\/\/annajansdotter.com\/index.php\/wp-json\/wp\/v2\/comments?post=376"}],"version-history":[{"count":5,"href":"https:\/\/annajansdotter.com\/index.php\/wp-json\/wp\/v2\/posts\/376\/revisions"}],"predecessor-version":[{"id":381,"href":"https:\/\/annajansdotter.com\/index.php\/wp-json\/wp\/v2\/posts\/376\/revisions\/381"}],"wp:attachment":[{"href":"https:\/\/annajansdotter.com\/index.php\/wp-json\/wp\/v2\/media?parent=376"}],"wp:term":[{"taxonomy":"category","embeddable":true,"href":"https:\/\/annajansdotter.com\/index.php\/wp-json\/wp\/v2\/categories?post=376"},{"taxonomy":"post_tag","embeddable":true,"href":"https:\/\/annajansdotter.com\/index.php\/wp-json\/wp\/v2\/tags?post=376"}],"curies":[{"name":"wp","href":"https:\/\/api.w.org\/{rel}","templated":true}]}}