{"id":274,"date":"2022-10-16T13:16:47","date_gmt":"2022-10-16T13:16:47","guid":{"rendered":"https:\/\/annajansdotter.com\/?p=274"},"modified":"2022-10-16T13:17:12","modified_gmt":"2022-10-16T13:17:12","slug":"kan-det-forlaget-vara-ratt","status":"publish","type":"post","link":"https:\/\/annajansdotter.com\/index.php\/2022\/10\/16\/kan-det-forlaget-vara-ratt\/","title":{"rendered":"Kan det f\u00f6rlaget vara r\u00e4tt?"},"content":{"rendered":"\n<p>D\u00e5 var det bara Rab\u00e9n &amp; Sj\u00f6gren kvar p\u00e5 listan. Natur &amp; Kultur svarade mer eller mindre med v\u00e4ndande post; ett kort standardsvar. P\u00e5 m\u00e5ndag \u00e4r det tio veckor sedan jag skickade in Stj\u00e4rnb\u00e4rarens \u00f6nskan till f\u00f6rlag. Jag h\u00e5ller tummar och t\u00e5r, d\u00e5 det \u00e4r lite nervigare den h\u00e4r g\u00e5ngen; har jag tagit till mig av lekt\u00f6rens synpunkter och kan de se f\u00f6rbi alver och magi? Svensk fantasy borde egentligen inte vara s\u00e5 komplicerat att n\u00e5 ut med, eller vad s\u00e4ger ni?<\/p>\n\n\n\n<p>Jag borde sedan l\u00e5ta bli att kolla mailen var femte minut, f\u00f6r det hj\u00e4lper ju knappast att jag sitter och trycker i inkorgen n\u00e4r det finns annat att g\u00f6ra under tiden. Jag \u00e4r nog inte ensam om att g\u00f6ra s\u00e5, f\u00f6r vem skulle inte bli sm\u00e5tt galen av denna evighetsl\u00e5nga v\u00e4ntan? Och n\u00e4r det var s\u00e5 n\u00e4ra f\u00f6rra g\u00e5ngen, dessutom. D\u00e4remot har jag lyckats skriva ett f\u00f6rsta utkast ett nytt manus (den om havsfolk som jag n\u00e4mnde i ett tidigare inl\u00e4gg) och sitter nu och l\u00e4ser igenom det jag har skrivit p\u00e5 uppf\u00f6ljaren till Stj\u00e4rnb\u00e4rarens \u00f6nskan, som nu har krympt med cirka 7 000 ord. Det finns en del att g\u00f6ra, men jag ser fram emot att dyka ner i prinsarnas f\u00f6rehavanden igen.<\/p>\n","protected":false},"excerpt":{"rendered":"<p>D\u00e5 var det bara Rab\u00e9n &amp; Sj\u00f6gren kvar p\u00e5 listan. Natur &amp; Kultur svarade mer eller mindre med v\u00e4ndande post;<\/p>\n<p><a href=\"https:\/\/annajansdotter.com\/index.php\/2022\/10\/16\/kan-det-forlaget-vara-ratt\/\" class=\"more-link\">Forts\u00e4tt l\u00e4sa<span class=\"screen-reader-text\">Kan det f\u00f6rlaget vara r\u00e4tt?<\/span><\/a><\/p>\n","protected":false},"author":2,"featured_media":0,"comment_status":"open","ping_status":"open","sticky":false,"template":"","format":"standard","meta":{"footnotes":""},"categories":[5,7,6],"tags":[15,16,8,11],"class_list":["post-274","post","type-post","status-publish","format-standard","hentry","category-forfattarskapet","category-skrivandet","category-stjarnskadartrilogin","tag-forlag","tag-manus","tag-stjarnbararens-onskan","tag-svensk-fantasy"],"_links":{"self":[{"href":"https:\/\/annajansdotter.com\/index.php\/wp-json\/wp\/v2\/posts\/274","targetHints":{"allow":["GET"]}}],"collection":[{"href":"https:\/\/annajansdotter.com\/index.php\/wp-json\/wp\/v2\/posts"}],"about":[{"href":"https:\/\/annajansdotter.com\/index.php\/wp-json\/wp\/v2\/types\/post"}],"author":[{"embeddable":true,"href":"https:\/\/annajansdotter.com\/index.php\/wp-json\/wp\/v2\/users\/2"}],"replies":[{"embeddable":true,"href":"https:\/\/annajansdotter.com\/index.php\/wp-json\/wp\/v2\/comments?post=274"}],"version-history":[{"count":1,"href":"https:\/\/annajansdotter.com\/index.php\/wp-json\/wp\/v2\/posts\/274\/revisions"}],"predecessor-version":[{"id":275,"href":"https:\/\/annajansdotter.com\/index.php\/wp-json\/wp\/v2\/posts\/274\/revisions\/275"}],"wp:attachment":[{"href":"https:\/\/annajansdotter.com\/index.php\/wp-json\/wp\/v2\/media?parent=274"}],"wp:term":[{"taxonomy":"category","embeddable":true,"href":"https:\/\/annajansdotter.com\/index.php\/wp-json\/wp\/v2\/categories?post=274"},{"taxonomy":"post_tag","embeddable":true,"href":"https:\/\/annajansdotter.com\/index.php\/wp-json\/wp\/v2\/tags?post=274"}],"curies":[{"name":"wp","href":"https:\/\/api.w.org\/{rel}","templated":true}]}}