{"id":266,"date":"2022-08-27T12:04:31","date_gmt":"2022-08-27T12:04:31","guid":{"rendered":"https:\/\/annajansdotter.com\/?p=266"},"modified":"2022-08-27T12:04:31","modified_gmt":"2022-08-27T12:04:31","slug":"revanschlusta-och-stjarnbararens-onskan-till-kampanjpris","status":"publish","type":"post","link":"https:\/\/annajansdotter.com\/index.php\/2022\/08\/27\/revanschlusta-och-stjarnbararens-onskan-till-kampanjpris\/","title":{"rendered":"Revanschlusta och Stj\u00e4rnb\u00e4rarens \u00f6nskan till kampanjpris"},"content":{"rendered":"\n<p>Det var en m\u00e4rklig k\u00e4nsla att se min lilla e-bok till kampanjpris hos Adlibris, bland en massa sp\u00e4nnande deckare och bra romaner. Enda fantasyn ocks\u00e5 s\u00e5 vitt jag kunde se. Stj\u00e4rnb\u00e4rarens \u00f6nskan, mina prinsar. Av s\u00e4kert tiotusentals e-bokstitlar p\u00e5 sajten fick min vara med. Heja svensk fantasy! F\u00f6r att komma till kampanjen, klicka <a rel=\"noreferrer noopener\" href=\"https:\/\/www.adlibris.com\/se\/e-bok\/stjarnbararens-onskan-9788726939705\" target=\"_blank\">h\u00e4r<\/a>.<\/p>\n\n\n<div class=\"wp-block-image\">\n<figure class=\"aligncenter size-large is-resized\"><img loading=\"lazy\" decoding=\"async\" src=\"https:\/\/annajansdotter.com\/wp-content\/uploads\/2022\/08\/Billiga-e-bocker-1024x514.jpg\" alt=\"\" class=\"wp-image-267\" width=\"671\" height=\"336\" srcset=\"https:\/\/annajansdotter.com\/wp-content\/uploads\/2022\/08\/Billiga-e-bocker-1024x514.jpg 1024w, https:\/\/annajansdotter.com\/wp-content\/uploads\/2022\/08\/Billiga-e-bocker-300x151.jpg 300w, https:\/\/annajansdotter.com\/wp-content\/uploads\/2022\/08\/Billiga-e-bocker-768x385.jpg 768w, https:\/\/annajansdotter.com\/wp-content\/uploads\/2022\/08\/Billiga-e-bocker-1536x771.jpg 1536w, https:\/\/annajansdotter.com\/wp-content\/uploads\/2022\/08\/Billiga-e-bocker-1440x723.jpg 1440w, https:\/\/annajansdotter.com\/wp-content\/uploads\/2022\/08\/Billiga-e-bocker.jpg 1961w\" sizes=\"auto, (max-width: 671px) 100vw, 671px\" \/><figcaption>Kampanjen &#8221;Billiga e-b\u00f6cker&#8221;. Erbjudandet g\u00e4ller till och med den 12\/9.<\/figcaption><\/figure>\n<\/div>\n\n\n<p>Innan jag fick nys om kampanjen hade jag skickat in Stj\u00e4rnb\u00e4rarens \u00f6nskan till tv\u00e5 f\u00f6rlag till. Revanschlustan vann \u00f6ver tvivlet, s\u00e5 efter lite bollande med n\u00e5gra Instagramv\u00e4nner beslutade jag mig f\u00f6r att klicka p\u00e5 &#8221;skicka&#8221;. Lekt\u00f6rsutl\u00e5tandet fr\u00e5n Rab\u00e9n &amp; Sj\u00f6gren ville inte l\u00e4mna mig ifred och sedan s\u00e5 fanns det ett stort f\u00f6rlag som \u00e4nnu inte f\u00e5tt manuset p\u00e5 sitt bord: Natur &amp; Kultur. S\u00e5 nu b\u00f6rjar den evighetsl\u00e5nga v\u00e4ntan igen, haha. I skrivande stund har det g\u00e5tt ungef\u00e4r tre veckor, s\u00e5 jag kan t\u00e4nka mig att jag f\u00e5r v\u00e4nta betydligt l\u00e4ngre \u00e4n s\u00e5 (eller s\u00e5 r\u00e5kar n\u00e5gon p\u00e5 f\u00f6rlagen \u00e4lska det s\u00e5 mycket att de formligen kastar sig p\u00e5 mailen, det vet man ju inte). <\/p>\n\n\n\n<p>I kontakten med andra f\u00f6rlag har ingen h\u00e4ngt upp sig p\u00e5 att Stj\u00e4rnb\u00e4rarens \u00f6nskan redan finns utgiven som e-bok, s\u00e5 jag tror inte det \u00e4r helt om\u00f6jligt att de tryckta r\u00e4ttigheterna kan plockas upp. H\u00e5ller tummarna \ud83d\ude42<\/p>\n","protected":false},"excerpt":{"rendered":"<p>Det var en m\u00e4rklig k\u00e4nsla att se min lilla e-bok till kampanjpris hos Adlibris, bland en massa sp\u00e4nnande deckare och<\/p>\n<p><a href=\"https:\/\/annajansdotter.com\/index.php\/2022\/08\/27\/revanschlusta-och-stjarnbararens-onskan-till-kampanjpris\/\" class=\"more-link\">Forts\u00e4tt l\u00e4sa<span class=\"screen-reader-text\">Revanschlusta och Stj\u00e4rnb\u00e4rarens \u00f6nskan till kampanjpris<\/span><\/a><\/p>\n","protected":false},"author":2,"featured_media":0,"comment_status":"open","ping_status":"open","sticky":false,"template":"","format":"standard","meta":{"footnotes":""},"categories":[5,4,6],"tags":[13,15,19,8,11],"class_list":["post-266","post","type-post","status-publish","format-standard","hentry","category-forfattarskapet","category-nyheter","category-stjarnskadartrilogin","tag-fantasy-romance","tag-forlag","tag-new-adult","tag-stjarnbararens-onskan","tag-svensk-fantasy"],"_links":{"self":[{"href":"https:\/\/annajansdotter.com\/index.php\/wp-json\/wp\/v2\/posts\/266","targetHints":{"allow":["GET"]}}],"collection":[{"href":"https:\/\/annajansdotter.com\/index.php\/wp-json\/wp\/v2\/posts"}],"about":[{"href":"https:\/\/annajansdotter.com\/index.php\/wp-json\/wp\/v2\/types\/post"}],"author":[{"embeddable":true,"href":"https:\/\/annajansdotter.com\/index.php\/wp-json\/wp\/v2\/users\/2"}],"replies":[{"embeddable":true,"href":"https:\/\/annajansdotter.com\/index.php\/wp-json\/wp\/v2\/comments?post=266"}],"version-history":[{"count":1,"href":"https:\/\/annajansdotter.com\/index.php\/wp-json\/wp\/v2\/posts\/266\/revisions"}],"predecessor-version":[{"id":268,"href":"https:\/\/annajansdotter.com\/index.php\/wp-json\/wp\/v2\/posts\/266\/revisions\/268"}],"wp:attachment":[{"href":"https:\/\/annajansdotter.com\/index.php\/wp-json\/wp\/v2\/media?parent=266"}],"wp:term":[{"taxonomy":"category","embeddable":true,"href":"https:\/\/annajansdotter.com\/index.php\/wp-json\/wp\/v2\/categories?post=266"},{"taxonomy":"post_tag","embeddable":true,"href":"https:\/\/annajansdotter.com\/index.php\/wp-json\/wp\/v2\/tags?post=266"}],"curies":[{"name":"wp","href":"https:\/\/api.w.org\/{rel}","templated":true}]}}