{"id":245,"date":"2022-07-14T12:39:18","date_gmt":"2022-07-14T12:39:18","guid":{"rendered":"https:\/\/annajansdotter.com\/?p=245"},"modified":"2022-07-15T12:32:55","modified_gmt":"2022-07-15T12:32:55","slug":"nar-forvirringen-ar-total","status":"publish","type":"post","link":"https:\/\/annajansdotter.com\/index.php\/2022\/07\/14\/nar-forvirringen-ar-total\/","title":{"rendered":"N\u00e4r f\u00f6rvirringen \u00e4r total"},"content":{"rendered":"\n<p>Jag vet inte vad som g\u00f6r mest ont. Vetskapen om att det \u00e4r snudd p\u00e5 om\u00f6jligt att f\u00e5 ett f\u00f6rlag att plocka upp Stj\u00e4rnb\u00e4rarens \u00f6nskan nu n\u00e4r den redan finns som e-bok, eller att f\u00f6rlaget som var superintresserade standardrefuserade den. Det l\u00f6ser sig s\u00e4kert p\u00e5 n\u00e5got vis. Just nu \u00e4r jag bara v\u00e4ldigt ledsen, och det \u00e4r okej. S\u00e5 h\u00e4r n\u00e4ra har jag inte varit sedan Stj\u00e4rnb\u00e4rarens \u00f6nskan fick ett lekt\u00f6rsutl\u00e5tande fr\u00e5n sj\u00e4lvaste Rab\u00e9n &amp; Sj\u00f6gren. Ett av Sveriges st\u00f6rsta barn- och ungdomsboksf\u00f6rlag. Tyv\u00e4rr bad de inte om en omarbetad version av manuset just d\u00e5, men det kanske inte \u00e4r helt om\u00f6jligt att skicka in det igen?<\/p>\n\n\n\n<p>Ibland kan jag k\u00e4nna att det var fel beslut att g\u00e5 vidare med SAGA, d\u00e5 jag k\u00e4nde att Stj\u00e4rnb\u00e4rarens \u00f6nskan f\u00f6rtj\u00e4nar b\u00e4ttre efter s\u00e5 m\u00e5nga \u00e5rs slit, men jag och agenten kom fram till att det var en bra b\u00f6rjan, tills vi ins\u00e5g att det redaktionella arbetet och marknadsf\u00f6ringen inte var mycket att hurra f\u00f6r, eller att PoD endast skulle erbjudas vissa f\u00f6rfattare, och bara det har stressat mig mycket.<\/p>\n\n\n\n<p>Men jag vill \u00e4nd\u00e5 tro att det kommer att l\u00f6sa sig f\u00f6r mig och prinsarna. Det m\u00e5ste det g\u00f6ra.<\/p>\n","protected":false},"excerpt":{"rendered":"<p>Jag vet inte vad som g\u00f6r mest ont. Vetskapen om att det \u00e4r snudd p\u00e5 om\u00f6jligt att f\u00e5 ett f\u00f6rlag<\/p>\n<p><a href=\"https:\/\/annajansdotter.com\/index.php\/2022\/07\/14\/nar-forvirringen-ar-total\/\" class=\"more-link\">Forts\u00e4tt l\u00e4sa<span class=\"screen-reader-text\">N\u00e4r f\u00f6rvirringen \u00e4r total<\/span><\/a><\/p>\n","protected":false},"author":2,"featured_media":0,"comment_status":"open","ping_status":"open","sticky":false,"template":"","format":"standard","meta":{"footnotes":""},"categories":[5],"tags":[15,8],"class_list":["post-245","post","type-post","status-publish","format-standard","hentry","category-forfattarskapet","tag-forlag","tag-stjarnbararens-onskan"],"_links":{"self":[{"href":"https:\/\/annajansdotter.com\/index.php\/wp-json\/wp\/v2\/posts\/245","targetHints":{"allow":["GET"]}}],"collection":[{"href":"https:\/\/annajansdotter.com\/index.php\/wp-json\/wp\/v2\/posts"}],"about":[{"href":"https:\/\/annajansdotter.com\/index.php\/wp-json\/wp\/v2\/types\/post"}],"author":[{"embeddable":true,"href":"https:\/\/annajansdotter.com\/index.php\/wp-json\/wp\/v2\/users\/2"}],"replies":[{"embeddable":true,"href":"https:\/\/annajansdotter.com\/index.php\/wp-json\/wp\/v2\/comments?post=245"}],"version-history":[{"count":7,"href":"https:\/\/annajansdotter.com\/index.php\/wp-json\/wp\/v2\/posts\/245\/revisions"}],"predecessor-version":[{"id":258,"href":"https:\/\/annajansdotter.com\/index.php\/wp-json\/wp\/v2\/posts\/245\/revisions\/258"}],"wp:attachment":[{"href":"https:\/\/annajansdotter.com\/index.php\/wp-json\/wp\/v2\/media?parent=245"}],"wp:term":[{"taxonomy":"category","embeddable":true,"href":"https:\/\/annajansdotter.com\/index.php\/wp-json\/wp\/v2\/categories?post=245"},{"taxonomy":"post_tag","embeddable":true,"href":"https:\/\/annajansdotter.com\/index.php\/wp-json\/wp\/v2\/tags?post=245"}],"curies":[{"name":"wp","href":"https:\/\/api.w.org\/{rel}","templated":true}]}}