{"id":208,"date":"2022-03-06T15:35:22","date_gmt":"2022-03-06T15:35:22","guid":{"rendered":"https:\/\/annajansdotter.com\/?p=208"},"modified":"2022-03-06T15:35:47","modified_gmt":"2022-03-06T15:35:47","slug":"en-minst-sagt-kaotisk-period","status":"publish","type":"post","link":"https:\/\/annajansdotter.com\/index.php\/2022\/03\/06\/en-minst-sagt-kaotisk-period\/","title":{"rendered":"En minst sagt kaotisk period"},"content":{"rendered":"\n<p><strong>Nej, bara nej.<\/strong><\/p>\n\n\n\n<p><em>Eller?<\/em><\/p>\n\n\n\n<p>Jag \u00e4r en person som i grund och botten avskyr f\u00f6r\u00e4ndringar, men jag har insett att dessa har varit n\u00f6dv\u00e4ndiga. Jag st\u00e5r fortfarande vid v\u00e4gsk\u00e4let och stampar, men jag har kanske ett b\u00e4ttre hum om vart jag \u00e4r p\u00e5 v\u00e4g. Vad jag vill g\u00f6ra med mina ord, och vem jag \u00e4r som f\u00f6rfattare. N\u00e4r agenturen som jag var knuten till avvecklades i b\u00f6rjan av februari var min f\u00f6rsta tanke att ge upp; jag hade inte riktigt f\u00e5tt grepp om f\u00f6rfattarskapet, vad jag f\u00f6rv\u00e4ntades g\u00f6ra och hur jag skulle g\u00e5 tillv\u00e4ga f\u00f6r att s\u00e4lja in min romantiska och normbrytande fantasy utan att bli allt f\u00f6r p\u00e5 (r\u00e4dd f\u00f6r att g\u00f6ra fel och g\u00f6ra bort sig, ni vet). E-boken \u00e4r ett format som \u00e4nnu inte f\u00e5tt n\u00e5got st\u00f6rre genomslag i Sverige och det var m\u00e5nga som fortfarande v\u00e4ntade p\u00e5 den tryckta boken. Men n\u00e4r skulle den komma? F\u00f6rstod jag ens vad jag h\u00f6ll p\u00e5 med?<\/p>\n\n\n\n<p>Det blev en paus.<\/p>\n\n\n\n<p>D\u00e4remellan trillade det in n\u00e5gra riktigt fina recensioner av Stj\u00e4rnb\u00e4rarens \u00f6nskan, och jag fick ocks\u00e5 veta att en litteraturkritiker var intresserad av att l\u00e4sa boken. Herrrrrregud, p\u00e5 ren Ranelidska. Min bok? Mitt litter\u00e4ra experiment? Tankarna har minst sagt snurrat de senaste veckorna. Och f\u00f6r att &#8221;kaosa&#8221; till det ytterligare mailade jag iv\u00e4g en presentation av mig och boken till tv\u00e5 litter\u00e4ra agenturer. Stj\u00e4rnb\u00e4rarens \u00f6nskan \u00e4r nu allts\u00e5 ute p\u00e5 vift och jag antar att det kommer att dr\u00f6ja ett par m\u00e5nader. Ska bara f\u00f6rs\u00f6ka undvika att kolla mailen var femte minut, haha.<\/p>\n\n\n\n<p>Jag k\u00e4nner mig \u00e4nd\u00e5 ganska peppad. Som om jag innerst inne vet att det kommer att bli riktigt bra i slut\u00e4ndan.<\/p>\n\n\n\n<p class=\"has-text-align-center\"><strong>\u2b51\u2b51\u2b51<\/strong><\/p>\n\n\n\n<div class=\"wp-block-image\"><figure class=\"aligncenter size-large is-resized\"><img loading=\"lazy\" decoding=\"async\" src=\"https:\/\/annajansdotter.com\/wp-content\/uploads\/2021\/11\/Stjarnbararens_Onskan_1-768x1024.jpg\" alt=\"\" class=\"wp-image-140\" width=\"316\" height=\"421\"\/><figcaption>&#8221;<em>K\u00e4rleken mellan Love och Melinde v\u00e4xer fram p\u00e5 ett fint och gulligt s\u00e4tt, s\u00e5 d\u00e4r att man blir lite fnittrig som l\u00e4sare<\/em>.&#8221;<br><br>Lovisa Wistrand, f\u00f6rfattare<\/figcaption><\/figure><\/div>\n","protected":false},"excerpt":{"rendered":"<p>Nej, bara nej. Eller? Jag \u00e4r en person som i grund och botten avskyr f\u00f6r\u00e4ndringar, men jag har insett att<\/p>\n<p><a href=\"https:\/\/annajansdotter.com\/index.php\/2022\/03\/06\/en-minst-sagt-kaotisk-period\/\" class=\"more-link\">Forts\u00e4tt l\u00e4sa<span class=\"screen-reader-text\">En minst sagt kaotisk period<\/span><\/a><\/p>\n","protected":false},"author":2,"featured_media":0,"comment_status":"open","ping_status":"open","sticky":false,"template":"","format":"standard","meta":{"footnotes":""},"categories":[5,7],"tags":[13,18,8,11],"class_list":["post-208","post","type-post","status-publish","format-standard","hentry","category-forfattarskapet","category-skrivandet","tag-fantasy-romance","tag-litterar-agent","tag-stjarnbararens-onskan","tag-svensk-fantasy"],"_links":{"self":[{"href":"https:\/\/annajansdotter.com\/index.php\/wp-json\/wp\/v2\/posts\/208","targetHints":{"allow":["GET"]}}],"collection":[{"href":"https:\/\/annajansdotter.com\/index.php\/wp-json\/wp\/v2\/posts"}],"about":[{"href":"https:\/\/annajansdotter.com\/index.php\/wp-json\/wp\/v2\/types\/post"}],"author":[{"embeddable":true,"href":"https:\/\/annajansdotter.com\/index.php\/wp-json\/wp\/v2\/users\/2"}],"replies":[{"embeddable":true,"href":"https:\/\/annajansdotter.com\/index.php\/wp-json\/wp\/v2\/comments?post=208"}],"version-history":[{"count":8,"href":"https:\/\/annajansdotter.com\/index.php\/wp-json\/wp\/v2\/posts\/208\/revisions"}],"predecessor-version":[{"id":216,"href":"https:\/\/annajansdotter.com\/index.php\/wp-json\/wp\/v2\/posts\/208\/revisions\/216"}],"wp:attachment":[{"href":"https:\/\/annajansdotter.com\/index.php\/wp-json\/wp\/v2\/media?parent=208"}],"wp:term":[{"taxonomy":"category","embeddable":true,"href":"https:\/\/annajansdotter.com\/index.php\/wp-json\/wp\/v2\/categories?post=208"},{"taxonomy":"post_tag","embeddable":true,"href":"https:\/\/annajansdotter.com\/index.php\/wp-json\/wp\/v2\/tags?post=208"}],"curies":[{"name":"wp","href":"https:\/\/api.w.org\/{rel}","templated":true}]}}